{"id":7518,"date":"2022-12-28T21:28:12","date_gmt":"2022-12-28T19:28:12","guid":{"rendered":"https:\/\/frauschuetze.de\/?p=7518"},"modified":"2023-01-01T23:40:31","modified_gmt":"2023-01-01T21:40:31","slug":"2022-das-wars","status":"publish","type":"post","link":"https:\/\/frauschuetze.de\/?p=7518","title":{"rendered":"2022 &#8211; das war&#8217;s."},"content":{"rendered":"\n<p>Schon einige Jahre zuvor (<a href=\"https:\/\/frauschuetze.de\/?p=7469\">2021<\/a>, <a href=\"https:\/\/frauschuetze.de\/?p=7342\">2020<\/a>, <a href=\"https:\/\/frauschuetze.de\/?p=7228\">2018<\/a>, <a href=\"https:\/\/frauschuetze.de\/?p=7157\">2017<\/a>, <a href=\"https:\/\/frauschuetze.de\/?p=6989\">2016<\/a>, <a href=\"https:\/\/frauschuetze.de\/?p=6845\">2015<\/a>, <a href=\"https:\/\/frauschuetze.de\/?p=6831\">2015<\/a>, <a href=\"https:\/\/frauschuetze.de\/?p=6458\">2013<\/a>, <a href=\"https:\/\/frauschuetze.de\/?p=6453\">2013<\/a>, <a href=\"https:\/\/frauschuetze.de\/?p=5865\">2012<\/a>) habe ich regelm\u00e4\u00dfig Jahresr\u00fcckblicke geschrieben. Ich versuche das dieses Jahr auch wieder. Diesmal gibt es Bilder und Text kombiniert.<\/p>\n\n\n\n<h2 class=\"wp-block-heading\">Der Anfang<\/h2>\n\n\n<div class=\"wp-block-image\">\n<figure class=\"alignright size-medium is-resized\"><img decoding=\"async\" src=\"https:\/\/frauschuetze.de\/wordpress\/wp-content\/uploads\/2022\/12\/2022-Januar27-3000x2254.jpg\" alt=\"\" class=\"wp-image-7519\" width=\"300\" srcset=\"https:\/\/frauschuetze.de\/wordpress\/wp-content\/uploads\/2022\/12\/2022-Januar27-3000x2254.jpg 3000w, https:\/\/frauschuetze.de\/wordpress\/wp-content\/uploads\/2022\/12\/2022-Januar27-768x577.jpg 768w, https:\/\/frauschuetze.de\/wordpress\/wp-content\/uploads\/2022\/12\/2022-Januar27-1536x1154.jpg 1536w, https:\/\/frauschuetze.de\/wordpress\/wp-content\/uploads\/2022\/12\/2022-Januar27-2048x1539.jpg 2048w, https:\/\/frauschuetze.de\/wordpress\/wp-content\/uploads\/2022\/12\/2022-Januar27-600x450.jpg 600w\" sizes=\"(max-width: 3000px) 100vw, 3000px\" \/><\/figure>\n<\/div>\n\n\n<p>Das Jahr begann an der Ostseek\u00fcste und im B\u00e4llebad. Die g\u00fcnstige Ferien- und Feiertagsverteilung in BW bringt es mit sich, dass teilweise das erste Drittel des Januars noch frei sind. Das nutzten wir dieses Jahr f\u00fcr einen kurzen Urlaub fern ab des Alltags. Den Januar hindurch nahm ich am Veganuary und auch wieder an der Yoga-Challenge teil. <\/p>\n\n\n\n<p>Das war ein guter Start, besonders bei dem was noch kommen sollte. Ende Januar kam Corona zu uns und stellte den Alltag f\u00fcr fast drei Wochen auf den Kopf. In den Faschingsferien fuhr ich f\u00fcr einige Tage allein weg und begann an einem Lehrbuchkapitel zu schreiben. Daneben genoss ich die Ruhe. <\/p>\n\n\n<div class=\"wp-block-image\">\n<figure class=\"alignright size-full is-resized\"><img loading=\"lazy\" decoding=\"async\" src=\"https:\/\/frauschuetze.de\/wordpress\/wp-content\/uploads\/2022\/12\/Philosophinnen-Runde.png\" alt=\"\" class=\"wp-image-7521\" width=\"354\" height=\"500\" srcset=\"https:\/\/frauschuetze.de\/wordpress\/wp-content\/uploads\/2022\/12\/Philosophinnen-Runde.png 1414w, https:\/\/frauschuetze.de\/wordpress\/wp-content\/uploads\/2022\/12\/Philosophinnen-Runde-768x1086.png 768w, https:\/\/frauschuetze.de\/wordpress\/wp-content\/uploads\/2022\/12\/Philosophinnen-Runde-1086x1536.png 1086w\" sizes=\"auto, (max-width: 354px) 100vw, 354px\" \/><\/figure>\n<\/div>\n\n\n<p>Zum Geburtstag bekam ich von meiner Familie eine Geocaching-Runde geschenkt. Alle Caches lagen schon und waren ausgemessen, ich musste &#8222;nur&#8220; noch die Texte schreiben. Daf\u00fcr nutzte ich meine Kenntnisse zu verschiedenen Philosophinnen aus den Kursen der letzten Jahre und erstellte eine Philosophinnenrunde. Es gibt immer einen physischen Beh\u00e4lter zum Suchen und in der App Wissenswertes \u00fcber die Philosophin und ein paar Gedanken. <\/p>\n\n\n\n<p>Au\u00dferdem fuhren wir nach Bautzen und zur <a href=\"https:\/\/www.turisede.com\/\">Kulturinsel Einsiedel<\/a>. Immer wieder sch\u00f6n. Es schloss sind direkt der <a href=\"https:\/\/www.zum.de\/portal\/25-jahre-zum-fruehjahrs-workshops-erfolgreich-gestartet\/\">ZUM-Workshop in W\u00fcrzburg<\/a> an.  <\/p>\n\n\n<div class=\"wp-block-image\">\n<figure class=\"alignleft size-thumbnail\"><img loading=\"lazy\" decoding=\"async\" width=\"150\" height=\"150\" src=\"https:\/\/frauschuetze.de\/wordpress\/wp-content\/uploads\/2022\/12\/2022-Mai33-150x150.jpg\" alt=\"\" class=\"wp-image-7522\"\/><\/figure>\n<\/div>\n\n\n<p>Im Mai stand die Jugendweihe von K2 an. K1 zauberte daf\u00fcr eine wundervolle Torte und wir hatten ein tolles Fest mit Freunden und Familie auf einer Burgruine in der N\u00e4he. <\/p>\n\n\n\n<h2 class=\"wp-block-heading\">Die Mitte<\/h2>\n\n\n\n<p>Der Sommer bahnte sich an und damit das Abitur von K1. Sie werden so schnell gro\u00df! K1 hatte sich eine Reise ganz allein mit mir gew\u00fcnscht. So fuhren wir mit einem schnellen Zug in eine europ\u00e4ische Hauptstadt \ud83d\ude09 Wir trafen Goethe und Schiller (den allerdings in Marbach), besuchte Freuds Wohnhaus und Hundertwasser. Es war eine tolle Zeit! Wir a\u00dfen viel vegan &#8211; was in einer echten Stadt tats\u00e4chlich leichter ist \ud83d\ude09 Danach wartete die Arbeit: Schuljahresende! Jahrbuch, Sch\u00fclerzeitung und Noten. Alles auf einmal. Zwischendurch waren K2 und ich beim \u00c4rzte-Konzert im str\u00f6menden Regen. (und wenn man mit &#8222;Mutti&#8220; zum Konzert geht, hat man nat\u00fcrlich Wechselsachen im Auto. Man ist ja keine 20 mehr ;)) <\/p>\n\n\n\n<figure class=\"wp-block-gallery has-nested-images columns-default is-cropped wp-block-gallery-1 is-layout-flex wp-block-gallery-is-layout-flex\">\n<figure class=\"wp-block-image size-large\"><img loading=\"lazy\" decoding=\"async\" width=\"2254\" height=\"3000\" data-id=\"7524\" src=\"https:\/\/frauschuetze.de\/wordpress\/wp-content\/uploads\/2022\/12\/2022-Juni14-2254x3000.jpg\" alt=\"\" class=\"wp-image-7524\" srcset=\"https:\/\/frauschuetze.de\/wordpress\/wp-content\/uploads\/2022\/12\/2022-Juni14-2254x3000.jpg 2254w, https:\/\/frauschuetze.de\/wordpress\/wp-content\/uploads\/2022\/12\/2022-Juni14-768x1022.jpg 768w, https:\/\/frauschuetze.de\/wordpress\/wp-content\/uploads\/2022\/12\/2022-Juni14-1154x1536.jpg 1154w, https:\/\/frauschuetze.de\/wordpress\/wp-content\/uploads\/2022\/12\/2022-Juni14-1539x2048.jpg 1539w, https:\/\/frauschuetze.de\/wordpress\/wp-content\/uploads\/2022\/12\/2022-Juni14-scaled.jpg 1923w\" sizes=\"auto, (max-width: 2254px) 100vw, 2254px\" \/><\/figure>\n\n\n\n<figure class=\"wp-block-image size-large\"><img loading=\"lazy\" decoding=\"async\" width=\"2254\" height=\"3000\" data-id=\"7525\" src=\"https:\/\/frauschuetze.de\/wordpress\/wp-content\/uploads\/2022\/12\/2022-Juni2-2254x3000.jpg\" alt=\"\" class=\"wp-image-7525\" srcset=\"https:\/\/frauschuetze.de\/wordpress\/wp-content\/uploads\/2022\/12\/2022-Juni2-2254x3000.jpg 2254w, https:\/\/frauschuetze.de\/wordpress\/wp-content\/uploads\/2022\/12\/2022-Juni2-768x1022.jpg 768w, https:\/\/frauschuetze.de\/wordpress\/wp-content\/uploads\/2022\/12\/2022-Juni2-1154x1536.jpg 1154w, https:\/\/frauschuetze.de\/wordpress\/wp-content\/uploads\/2022\/12\/2022-Juni2-1539x2048.jpg 1539w, https:\/\/frauschuetze.de\/wordpress\/wp-content\/uploads\/2022\/12\/2022-Juni2-scaled.jpg 1923w\" sizes=\"auto, (max-width: 2254px) 100vw, 2254px\" \/><\/figure>\n<\/figure>\n\n\n\n<figure class=\"wp-block-image size-large is-resized\"><img loading=\"lazy\" decoding=\"async\" src=\"https:\/\/frauschuetze.de\/wordpress\/wp-content\/uploads\/2022\/12\/2022-Juni10-1-3000x2250.jpg\" alt=\"\" class=\"wp-image-7537\" width=\"750\" height=\"563\" srcset=\"https:\/\/frauschuetze.de\/wordpress\/wp-content\/uploads\/2022\/12\/2022-Juni10-1-3000x2250.jpg 3000w, https:\/\/frauschuetze.de\/wordpress\/wp-content\/uploads\/2022\/12\/2022-Juni10-1-768x576.jpg 768w, https:\/\/frauschuetze.de\/wordpress\/wp-content\/uploads\/2022\/12\/2022-Juni10-1-1536x1152.jpg 1536w, https:\/\/frauschuetze.de\/wordpress\/wp-content\/uploads\/2022\/12\/2022-Juni10-1-2048x1536.jpg 2048w, https:\/\/frauschuetze.de\/wordpress\/wp-content\/uploads\/2022\/12\/2022-Juni10-1-600x450.jpg 600w\" sizes=\"auto, (max-width: 750px) 100vw, 750px\" \/><\/figure>\n\n\n<div class=\"wp-block-image\">\n<figure class=\"alignright size-medium is-resized\"><img loading=\"lazy\" decoding=\"async\" src=\"https:\/\/frauschuetze.de\/wordpress\/wp-content\/uploads\/2022\/12\/2022-September25-2250x3000.jpg\" alt=\"\" class=\"wp-image-7528\" width=\"400\" height=\"600\"\/><\/figure>\n<\/div>\n\n\n<p>Ich kaufte mir die beste Anschaffung seit Jahren: einen Strandkorb f\u00fcr den Garten. Dort drin verbrachte ich einen Gro\u00dfteil des Sommers.<\/p>\n\n\n\n<p>Im Sommer machte ich eine Woche Kinderferienprogramm: 2x Filzen, Geocaching und Kreide malen, jeweils von 9-12, immer mit ca. 10-15 Kindern. Anschlie\u00dfend ging es zu viert f\u00fcr 10 Tage zum Zelten an den Brombachsee. K1 und die Kollegenfreundin mit ihrer Familie kamen uns besuchen. Au\u00dferdem war ich wieder im Saarland, diesmal mit K3&amp;4. Wir besuchten eine r\u00f6mische Villa und Dinos. Meine Reisegruppe war begeistert!<\/p>\n\n\n\n<p>Das Ende des Sommers l\u00e4utete wie immer das ZUM-Vorstandstreffen in W\u00fcrzburg ein. Diesmal galt es, das Mitgliedertreffen und damit das 25. Jubil\u00e4um des Vereins vorzubereiten. Au\u00dferdem hatte ich Abitreffen. Das ist auch 25 Jahre her!<\/p>\n\n\n\n<h2 class=\"wp-block-heading\">Das Ende<\/h2>\n\n\n\n<p>Vor einigen Jahren (vor Corona) hatte ich mich f\u00fcr den Gemeinderat aufstellen lassen und habe den Einzug knapp verfehlt. Schon vor dem Sommer erfuhr ich, dass ich ab September in den Gemeinderat nachr\u00fccken werde. Ein weiteres Ehrenamt nebenbei&#8230; So bin ich also seit September monatlich bei den Gemeinderatssitzung, in der Woche davor bei den Fraktionssitzungen und zus\u00e4tzlich noch bei Klausurtagung und Gemeinderatsausflug. Der diesj\u00e4hrige Ausflug f\u00fchrte nach Freiburg, in den Schwarzwald und Colmar. Au\u00dferdem lud ich mir schon im Sommer Snapchat runter und hatte viel Spa\u00df mit Filtern. <\/p>\n\n\n\n<p>Das Schuljahr startete mit einer \u00dcberraschung: ich habe im ersten Halbjahr ausschlie\u00dflich Ethik. Erst im 2. Halbjahr kommt ein Geographie-Grundkurs dazu. Daf\u00fcr habe ich jeden Tag Unterricht, manchmal nur zwei Stunden, manchmal 6. Es dauerte etwas, bis sich alles einruckelte, aber dann lief es etwa 2-3 Wochen problemlos \ud83d\ude09<\/p>\n\n\n\n<figure class=\"wp-block-gallery has-nested-images columns-default is-cropped wp-block-gallery-2 is-layout-flex wp-block-gallery-is-layout-flex\">\n<figure class=\"wp-block-image size-large\"><img loading=\"lazy\" decoding=\"async\" width=\"3000\" height=\"2250\" data-id=\"7532\" src=\"https:\/\/frauschuetze.de\/wordpress\/wp-content\/uploads\/2022\/12\/2022-Oktober76-3000x2250.jpg\" alt=\"\" class=\"wp-image-7532\" srcset=\"https:\/\/frauschuetze.de\/wordpress\/wp-content\/uploads\/2022\/12\/2022-Oktober76-3000x2250.jpg 3000w, https:\/\/frauschuetze.de\/wordpress\/wp-content\/uploads\/2022\/12\/2022-Oktober76-768x576.jpg 768w, https:\/\/frauschuetze.de\/wordpress\/wp-content\/uploads\/2022\/12\/2022-Oktober76-1536x1152.jpg 1536w, https:\/\/frauschuetze.de\/wordpress\/wp-content\/uploads\/2022\/12\/2022-Oktober76-2048x1536.jpg 2048w, https:\/\/frauschuetze.de\/wordpress\/wp-content\/uploads\/2022\/12\/2022-Oktober76-600x450.jpg 600w\" sizes=\"auto, (max-width: 3000px) 100vw, 3000px\" \/><\/figure>\n\n\n\n<figure class=\"wp-block-image size-large\"><img loading=\"lazy\" decoding=\"async\" width=\"750\" height=\"1334\" data-id=\"7529\" src=\"https:\/\/frauschuetze.de\/wordpress\/wp-content\/uploads\/2022\/12\/2022-Oktober51.jpg\" alt=\"\" class=\"wp-image-7529\"\/><\/figure>\n\n\n\n<figure class=\"wp-block-image size-large\"><img loading=\"lazy\" decoding=\"async\" width=\"3000\" height=\"2250\" data-id=\"7531\" src=\"https:\/\/frauschuetze.de\/wordpress\/wp-content\/uploads\/2022\/12\/2022-Oktober13-3000x2250.jpg\" alt=\"\" class=\"wp-image-7531\" srcset=\"https:\/\/frauschuetze.de\/wordpress\/wp-content\/uploads\/2022\/12\/2022-Oktober13-3000x2250.jpg 3000w, https:\/\/frauschuetze.de\/wordpress\/wp-content\/uploads\/2022\/12\/2022-Oktober13-768x576.jpg 768w, https:\/\/frauschuetze.de\/wordpress\/wp-content\/uploads\/2022\/12\/2022-Oktober13-1536x1152.jpg 1536w, https:\/\/frauschuetze.de\/wordpress\/wp-content\/uploads\/2022\/12\/2022-Oktober13-2048x1536.jpg 2048w, https:\/\/frauschuetze.de\/wordpress\/wp-content\/uploads\/2022\/12\/2022-Oktober13-600x450.jpg 600w\" sizes=\"auto, (max-width: 3000px) 100vw, 3000px\" \/><\/figure>\n\n\n\n<figure class=\"wp-block-image size-large\"><img loading=\"lazy\" decoding=\"async\" width=\"2250\" height=\"3000\" data-id=\"7533\" src=\"https:\/\/frauschuetze.de\/wordpress\/wp-content\/uploads\/2022\/12\/2022-Oktober5-2250x3000.jpg\" alt=\"\" class=\"wp-image-7533\" srcset=\"https:\/\/frauschuetze.de\/wordpress\/wp-content\/uploads\/2022\/12\/2022-Oktober5-2250x3000.jpg 2250w, https:\/\/frauschuetze.de\/wordpress\/wp-content\/uploads\/2022\/12\/2022-Oktober5-768x1024.jpg 768w, https:\/\/frauschuetze.de\/wordpress\/wp-content\/uploads\/2022\/12\/2022-Oktober5-1152x1536.jpg 1152w, https:\/\/frauschuetze.de\/wordpress\/wp-content\/uploads\/2022\/12\/2022-Oktober5-1536x2048.jpg 1536w, https:\/\/frauschuetze.de\/wordpress\/wp-content\/uploads\/2022\/12\/2022-Oktober5-scaled.jpg 1920w\" sizes=\"auto, (max-width: 2250px) 100vw, 2250px\" \/><\/figure>\n\n\n\n<figure class=\"wp-block-image size-large\"><img loading=\"lazy\" decoding=\"async\" width=\"1575\" height=\"2100\" data-id=\"7530\" src=\"https:\/\/frauschuetze.de\/wordpress\/wp-content\/uploads\/2022\/12\/2022-Oktober4.jpg\" alt=\"\" class=\"wp-image-7530\" srcset=\"https:\/\/frauschuetze.de\/wordpress\/wp-content\/uploads\/2022\/12\/2022-Oktober4.jpg 1575w, https:\/\/frauschuetze.de\/wordpress\/wp-content\/uploads\/2022\/12\/2022-Oktober4-768x1024.jpg 768w, https:\/\/frauschuetze.de\/wordpress\/wp-content\/uploads\/2022\/12\/2022-Oktober4-1152x1536.jpg 1152w, https:\/\/frauschuetze.de\/wordpress\/wp-content\/uploads\/2022\/12\/2022-Oktober4-1536x2048.jpg 1536w\" sizes=\"auto, (max-width: 1575px) 100vw, 1575px\" \/><\/figure>\n<\/figure>\n\n\n\n<p>Am letzten Novemberwochenende fand das Mitgliedertreffen &#8222;25 Jahre ZUM und immer wieder neu&#8220; statt. <a href=\"https:\/\/www.zum.de\/portal\/25-jahre-zum-und-immer-wieder-neu\/\">Den Blogpost dazu gibt es dr\u00fcben bei ZUM<\/a>. Den November \u00fcber trug ich R\u00f6cke und Kleider beim #rockdennovember.<\/p>\n\n\n<div class=\"wp-block-image\">\n<figure class=\"alignright size-medium is-resized\"><img loading=\"lazy\" decoding=\"async\" src=\"https:\/\/frauschuetze.de\/wordpress\/wp-content\/uploads\/2022\/12\/2022-Dezember15-2250x3000.jpg\" alt=\"\" class=\"wp-image-7536\" width=\"225\" height=\"300\" srcset=\"https:\/\/frauschuetze.de\/wordpress\/wp-content\/uploads\/2022\/12\/2022-Dezember15-2250x3000.jpg 2250w, https:\/\/frauschuetze.de\/wordpress\/wp-content\/uploads\/2022\/12\/2022-Dezember15-768x1024.jpg 768w, https:\/\/frauschuetze.de\/wordpress\/wp-content\/uploads\/2022\/12\/2022-Dezember15-1152x1536.jpg 1152w, https:\/\/frauschuetze.de\/wordpress\/wp-content\/uploads\/2022\/12\/2022-Dezember15-1536x2048.jpg 1536w, https:\/\/frauschuetze.de\/wordpress\/wp-content\/uploads\/2022\/12\/2022-Dezember15-scaled.jpg 1920w\" sizes=\"auto, (max-width: 225px) 100vw, 225px\" \/><\/figure>\n<\/div>\n\n\n<p>Mit meiner Schwester habe ich wieder ein privates N\u00e4hcamp gemacht. Den Blogpost dazu habe ich <s>noch<\/s> nicht geschrieben&#8230; Denn seit Ende November und im Grunde den ganzen Dezember durch war jemand krank. Mich hat es auch ganz sch\u00f6n erwischt und das h\u00e4ngt mir immer noch nach. Im Zuge der Kranktage haben K4 und ich uns mit Pokemons und Pokemongo besch\u00e4ftigt. Inzwischen haben wir einen Teil der Familie angesteckt und unsere t\u00e4glichen Runden richten wir nach Pokestops und Arenen aus \ud83d\ude09 Das Bild hier nebendran entstand in meiner Schule als ich Arbeitsmaterialien hin brachte und immer erst abends gehen konnte, als der Mann die Krankenbetreuung \u00fcbernommen hatte. Ich musste mir einen neuen Laptop kaufen, weil bei meinem 8 Jahre alten MacBook der Akku streikte und nicht klar war, ob sich das richten l\u00e4sst. Lie\u00df sich, bin aber trotzdem froh \u00fcber den neuen. Das Layoutprogramm f\u00fcr Sch\u00fclerzeitung und Jahrbuch l\u00e4uft um einiges fluffiger auf dem neuen MacBook. Ich bin von Twitter zu Mastodon gewechselt und wandere nur noch selten zur\u00fcck. <\/p>\n\n\n\n<p>Weihnachten feierten wir wieder allein zu sechst zu Hause mit Videokonferenzen in viele Teile der Republik. <\/p>\n\n\n\n<p>Ich schrieb fast jeden Tag ein paar Zeilen auf, was am Tag gut war. Daf\u00fcr hatte ich mir einen (veganen, ich wusste vorher nicht, dass B\u00fccher nicht vegan sein k\u00f6nnen&#8230;) Kalender von Matabooks gekauft. Und weil mir das sehr gut getan hat, habe ich f\u00fcr n\u00e4chstes Jahr auch wieder einen. (<a href=\"https:\/\/shop.matabooks.de\/produkt\/a5-kalender-samaya-2023-wanderlust-de-en\/\">den hier<\/a>)<\/p>\n\n\n\n<p>F\u00fcr das neue Jahr ist schon wieder einiges geplant. Der Sommerurlaub f\u00fchrt uns wahrscheinlich an die Nordseek\u00fcste, wo K1 Bufdi sein wird. Au\u00dferdem verabschiede ich Ende Januar meine Geographiereferendarin und begr\u00fc\u00dfe im Februar meine Ethikreferendarin. Fliegender Wechsel sozusagen. Wahrscheinlich werde ich diesen <a href=\"https:\/\/frauschuetze.de\/?p=7484\">Blogpost<\/a> zu einem Print-Artikel ausbauen und vielleicht nehme ich eine Podcastfolge auf. <\/p>\n\n\n\n<h2 class=\"wp-block-heading\">gelesen\/geh\u00f6rt<\/h2>\n\n\n\n<ul class=\"wp-block-list\">\n<li>t\u00e4glich meinen abrei\u00dfen\/loslassen-Kalender. Jeden Tag ein wunderbarer Spruch, den ich auch in meine Insta-Story und meinen WA-Status geteilt habe. <\/li>\n\n\n\n<li>Tupoka Ogette: Und jetzt du!<\/li>\n\n\n\n<li>Janne Teller: Alles, worum es geht<\/li>\n\n\n\n<li>Der Junge, der Maulwurf, der Fuchs und das Pferd<\/li>\n\n\n\n<li>Eine Linie ist ein Punkt, der spazieren geht<\/li>\n\n\n\n<li>bell hooks: Feminismus f\u00fcr alle!<\/li>\n\n\n\n<li>Katja Diehl: Autokorrektur<\/li>\n\n\n\n<li>Mareike Fallwickl: Die Wut, die bleibt<\/li>\n\n\n\n<li>Annie Erneaux: Scham<\/li>\n<\/ul>\n\n\n\n<h2 class=\"wp-block-heading\">gesehen<\/h2>\n\n\n\n<ul class=\"wp-block-list\">\n<li>Frau im Dunkeln<\/li>\n\n\n\n<li>Die Unbeugsamen<\/li>\n\n\n\n<li>irgendeinen schnulzigen Film mit George Clooney und Julia Roberts<\/li>\n\n\n\n<li>Konzert: die \u00c4rzte<\/li>\n\n\n\n<li>Theater: ein ganzes Leben<\/li>\n\n\n\n<li>die Mona Lisa in Dresden<\/li>\n<\/ul>\n\n\n\n<h2 class=\"wp-block-heading\">gereist<\/h2>\n\n\n\n<ul class=\"wp-block-list\">\n<li>Ostsee (Familienurlaub)<\/li>\n\n\n\n<li>Bad Windsheim (Schreib-Urlaub allein)<\/li>\n\n\n\n<li>Karlsruhe (Fortbildung)<\/li>\n\n\n\n<li>Bautzen (\u00dcbernachtung in einem Schloss &#8211; was ein Erlebnis!) und Kulturinsel Einsiedel. <\/li>\n\n\n\n<li>3x W\u00fcrzburg f\u00fcr die ZUM<\/li>\n\n\n\n<li>Esslingen (Fortbildung)<\/li>\n\n\n\n<li>Marbach (Fortbildung)<\/li>\n\n\n\n<li><a href=\"https:\/\/www.tropfsteinhoehle.eu\/startseite.html\">Tropfsteinh\u00f6hle<\/a> <\/li>\n\n\n\n<li>Saarlouis (Urlaub bei der Patin von K4)<\/li>\n\n\n\n<li>Dresden (Klassentreffen)<\/li>\n\n\n\n<li>Freiburg, Schwarzwald, Colmar (Gemeinderatsausflug)<\/li>\n<\/ul>\n\n\n\n<h2 class=\"wp-block-heading\">Statistiken<\/h2>\n\n\n<div class=\"wp-block-image\">\n<figure class=\"alignright size-full is-resized\"><img loading=\"lazy\" decoding=\"async\" src=\"https:\/\/frauschuetze.de\/wordpress\/wp-content\/uploads\/2022\/12\/Bildschirm\u00adfoto-2022-12-28-um-19.55.58.png\" alt=\"\" class=\"wp-image-7540\" width=\"385\" height=\"308\" srcset=\"https:\/\/frauschuetze.de\/wordpress\/wp-content\/uploads\/2022\/12\/Bildschirm\u00adfoto-2022-12-28-um-19.55.58.png 1538w, https:\/\/frauschuetze.de\/wordpress\/wp-content\/uploads\/2022\/12\/Bildschirm\u00adfoto-2022-12-28-um-19.55.58-768x614.png 768w, https:\/\/frauschuetze.de\/wordpress\/wp-content\/uploads\/2022\/12\/Bildschirm\u00adfoto-2022-12-28-um-19.55.58-1536x1228.png 1536w\" sizes=\"auto, (max-width: 385px) 100vw, 385px\" \/><\/figure>\n<\/div>\n\n\n<ul class=\"wp-block-list\">\n<li>ich war 3x Blut spenden<\/li>\n\n\n\n<li>ich habe eine weitere Impfung gegen Corona erhalten. <\/li>\n\n\n\n<li>nichts neues auf der <a href=\"https:\/\/frauschuetze.de\/?page_id=6237\">Publikationsliste<\/a><\/li>\n\n\n\n<li>ich bin knapp 2,800 km gelaufen und habe etwas mehr als 4Mio Schritte gemacht. (Letztes Jahr: 4,5 Mio Schritte)<\/li>\n\n\n\n<li>meine Themen dieses Jahr waren Krieg,Achtsamkeit, Aktivismus, vegan essen, Feminismus, Klimakrise<\/li>\n\n\n\n<li>Ich habe 55 Geocaches gefunden (und inzwischen 46 eigene versteckt)<\/li>\n\n\n\n<li>ich war zum ersten Mal bowlen<\/li>\n<\/ul>\n\n\n\n<p><\/p>\n\n\n\n<p><a href=\"https:\/\/www.augensternswelt.de\/2022-jahresrueckblicke-linkup\/\">verlinkt bei den Blogger-Jahresr\u00fcckblicken<\/a><\/p>\n<div class=\"twoclick_social_bookmarks_post_7518 social_share_privacy clearfix 1.6.4 locale-de_DE sprite-de_DE\"><\/div><div class=\"twoclick-js\"><script type=\"text\/javascript\">\/* <![CDATA[ *\/\njQuery(document).ready(function($){if($('.twoclick_social_bookmarks_post_7518')){$('.twoclick_social_bookmarks_post_7518').socialSharePrivacy({\"services\":{\"facebook\":{\"status\":\"on\",\"txt_info\":\"2 Klicks f\\u00fcr mehr Datenschutz: Erst wenn Sie hier klicken, wird der Button aktiv und Sie k\\u00f6nnen Ihre Empfehlung an Facebook senden. Schon beim Aktivieren werden Daten an Dritte \\u00fcbertragen - siehe <em>i<\\\/em>.\",\"perma_option\":\"off\",\"action\":\"recommend\",\"language\":\"de_DE\"},\"twitter\":{\"reply_to\":\"\",\"tweet_text\":\"2022%20%E2%80%93%20das%20war%E2%80%99s.%20%C2%BB%20Frau%20Sch%C3%BCtze\",\"status\":\"on\",\"txt_info\":\"2 Klicks f\\u00fcr mehr Datenschutz: Erst wenn Sie hier klicken, wird der Button aktiv und Sie k\\u00f6nnen Ihre Empfehlung an Twitter senden. Schon beim Aktivieren werden Daten an Dritte \\u00fcbertragen - siehe <em>i<\\\/em>.\",\"perma_option\":\"off\",\"language\":\"de\",\"referrer_track\":\"\"},\"gplus\":{\"status\":\"on\",\"txt_info\":\"2 Klicks f\\u00fcr mehr Datenschutz: Erst wenn Sie hier klicken, wird der Button aktiv und Sie k\\u00f6nnen Ihre Empfehlung an Google+ senden. Schon beim Aktivieren werden Daten an Dritte \\u00fcbertragen - siehe <em>i<\\\/em>.\",\"perma_option\":\"off\",\"referrer_track\":\"\"},\"pinterest\":{\"status\":\"on\",\"the_excerpt\":\"2022 &#8211; das war&#8217;s.\",\"txt_info\":\"2 Klicks f\\u00fcr mehr Datenschutz: Erst wenn Sie hier klicken, wird der Button aktiv und Sie k\\u00f6nnen Ihre Empfehlung an Pinterest senden. Schon beim Aktivieren werden Daten an Dritte \\u00fcbertragen - siehe <em>i<\\\/em>.\",\"perma_option\":\"off\",\"media\":\"https:\\\/\\\/frauschuetze.de\\\/wordpress\\\/wp-content\\\/uploads\\\/2022\\\/12\\\/2022-Rueckblick.png\"}},\"txt_help\":\"Wenn Sie diese Felder durch einen Klick aktivieren, werden Informationen an Facebook, Twitter, Flattr, Xing, t3n, LinkedIn, Pinterest oder Google eventuell ins Ausland \\u00fcbertragen und unter Umst\\u00e4nden auch dort gespeichert. N\\u00e4heres erfahren Sie durch einen Klick auf das <em>i<\\\/em>.\",\"settings_perma\":\"Dauerhaft aktivieren und Daten\\u00fcber-tragung zustimmen:\",\"info_link\":\"http:\\\/\\\/www.heise.de\\\/ct\\\/artikel\\\/2-Klicks-fuer-mehr-Datenschutz-1333879.html\",\"uri\":\"https:\\\/\\\/frauschuetze.de\\\/?p=7518\",\"post_id\":7518,\"post_title_referrer_track\":\"2022+%26%238211%3B+das+war%26%238217%3Bs.\",\"display_infobox\":\"on\"});}});\n\/* ]]> *\/<\/script><\/div>","protected":false},"excerpt":{"rendered":"<p>Schon einige Jahre zuvor (2021, 2020, 2018, 2017, 2016, 2015, 2015, 2013, 2013, 2012) habe ich regelm\u00e4\u00dfig Jahresr\u00fcckblicke geschrieben. Ich<\/p>\n","protected":false},"author":1,"featured_media":7539,"comment_status":"open","ping_status":"open","sticky":false,"template":"","format":"standard","meta":{"footnotes":"","_share_on_mastodon":"0"},"categories":[1,25,4,19,29,10,20,13,34],"tags":[],"class_list":["post-7518","post","type-post","status-publish","format-standard","has-post-thumbnail","hentry","category-allgemein","category-bilanz","category-dresden","category-menschen","category-ruckblick","category-schones","category-schule","category-seltsames","category-serie"],"share_on_mastodon":{"url":"","error":""},"_links":{"self":[{"href":"https:\/\/frauschuetze.de\/index.php?rest_route=\/wp\/v2\/posts\/7518","targetHints":{"allow":["GET"]}}],"collection":[{"href":"https:\/\/frauschuetze.de\/index.php?rest_route=\/wp\/v2\/posts"}],"about":[{"href":"https:\/\/frauschuetze.de\/index.php?rest_route=\/wp\/v2\/types\/post"}],"author":[{"embeddable":true,"href":"https:\/\/frauschuetze.de\/index.php?rest_route=\/wp\/v2\/users\/1"}],"replies":[{"embeddable":true,"href":"https:\/\/frauschuetze.de\/index.php?rest_route=%2Fwp%2Fv2%2Fcomments&post=7518"}],"version-history":[{"count":13,"href":"https:\/\/frauschuetze.de\/index.php?rest_route=\/wp\/v2\/posts\/7518\/revisions"}],"predecessor-version":[{"id":7556,"href":"https:\/\/frauschuetze.de\/index.php?rest_route=\/wp\/v2\/posts\/7518\/revisions\/7556"}],"wp:featuredmedia":[{"embeddable":true,"href":"https:\/\/frauschuetze.de\/index.php?rest_route=\/wp\/v2\/media\/7539"}],"wp:attachment":[{"href":"https:\/\/frauschuetze.de\/index.php?rest_route=%2Fwp%2Fv2%2Fmedia&parent=7518"}],"wp:term":[{"taxonomy":"category","embeddable":true,"href":"https:\/\/frauschuetze.de\/index.php?rest_route=%2Fwp%2Fv2%2Fcategories&post=7518"},{"taxonomy":"post_tag","embeddable":true,"href":"https:\/\/frauschuetze.de\/index.php?rest_route=%2Fwp%2Fv2%2Ftags&post=7518"}],"curies":[{"name":"wp","href":"https:\/\/api.w.org\/{rel}","templated":true}]}}