{"id":8094,"date":"2026-01-02T11:54:47","date_gmt":"2026-01-02T09:54:47","guid":{"rendered":"https:\/\/frauschuetze.de\/?p=8094"},"modified":"2026-01-02T12:08:12","modified_gmt":"2026-01-02T10:08:12","slug":"das-wars-2025","status":"publish","type":"post","link":"https:\/\/frauschuetze.de\/?p=8094","title":{"rendered":"Das war&#8217;s &#8211; 2025"},"content":{"rendered":"\n<p id=\"block-ab7d4d97-1206-48da-bda9-fe911a11a266\">Auch 2025 gibt&#8217;s einen kurzen, subjektiven Jahresr\u00fcckblick. <\/p>\n\n\n\n<p id=\"block-210d4dd8-ff00-44e2-a959-f652a70e0e6c\">Schon einige Jahre zuvor (<a href=\"https:\/\/frauschuetze.de\/?p=7888\">2024<\/a>, <a href=\"https:\/\/frauschuetze.de\/?p=7722\">2023<\/a>, <a href=\"https:\/\/frauschuetze.de\/?p=7518\">2022<\/a>, <a href=\"https:\/\/frauschuetze.de\/?p=7469\">2021<\/a>, <a href=\"https:\/\/frauschuetze.de\/?p=7342\">2020<\/a>, <a href=\"https:\/\/frauschuetze.de\/?p=7228\">2018<\/a>, <a href=\"https:\/\/frauschuetze.de\/?p=7157\">2017<\/a>, <a href=\"https:\/\/frauschuetze.de\/?p=6989\">2016<\/a>, <a href=\"https:\/\/frauschuetze.de\/?p=6845\">2015<\/a>, <a href=\"https:\/\/frauschuetze.de\/?p=6831\">2015<\/a>, <a href=\"https:\/\/frauschuetze.de\/?p=6458\">2013<\/a>, <a href=\"https:\/\/frauschuetze.de\/?p=6453\">2013<\/a>, <a href=\"https:\/\/frauschuetze.de\/?p=5865\">2012<\/a>) habe ich regelm\u00e4\u00dfig Jahresr\u00fcckblicke geschrieben. Ich mache das dieses Jahr auch wieder. <\/p>\n\n\n\n<h2 class=\"wp-block-heading\">Der Anfang<\/h2>\n\n\n\n<p>Das Jahr begann leider ohne Urlaub, sondern arbeitsintensiv. Die Lage der Ferien verwehrte uns diesen sonst so entspannenden Start ins Jahr. Daf\u00fcr sahen wir <a href=\"https:\/\/eyeling.de\/neujahr-in-pink\/\">Polarlichter mit Frau Illing<\/a>, ich reflektierte das letzte Jahr in den Rauhn\u00e4chten und arbeitete (Blogposts, Peer-Feedbacks und Kommentare). Ich machte beim Veganuary und teilweise beim Januar-Yoga mit. Die Faschingsferien nutzte ich wieder f\u00fcr ein paar selbstbestimmte Tage in Stille und im Kurbad. Im Februar kam die Entt\u00e4uschung der Bundestagswahl und die Freude \u00fcber die B\u00fcrgermeisterwahl. Unser BM wurde mit 98% wieder gew\u00e4hlt. Ich war zum ersten Mal Wahlhelfer und durfte beides mit ausz\u00e4hlen.<\/p>\n\n\n\n<p>Kurz nach Ostern feierten wir den 90. Geburtstag meiner Oma. Was f\u00fcr eine Familienzusammenkunft! Im Mai war ich erst als Helfer bei der Jagsttalwiesenwanderung, dann ging es nach Bad Wildbad zum <a href=\"https:\/\/frauschuetze.de\/?p=7999\">Wildcampen<\/a>. Danach nahm das Schuljahr auch gleich ganz sch\u00f6n Fahrt auf: Abi, Sch\u00fclerzeitung, Jahrbuch, Schuljahresende. Dieses Jahr hatte ich durch ein Team sehr viel Unterst\u00fctzung beim Jahrbuch, sodass ich mich weitgehend nur um das Layout k\u00fcmmern konnte. So funktioniert das f\u00fcr mich und es kann weitergehen. In den Pfingstferien war ich mit Kind 3, 4 sowie einer befreundeten Familie im Urlaub in der N\u00e4he von Ravensburg.<\/p>\n\n\n\n<h2 class=\"wp-block-heading\">Die Mitte<\/h2>\n\n\n\n<p>Mit Beginn der Sommerferien habe ich mein Ipad, was ich fast ausschlie\u00dflich f\u00fcr die Schule nutze, zugeklappt. Damit entfiel auch mein digitaler Kalender. Ich fing an, wieder in einem Bullet Journal die Termine und to dos aufzuschreiben. Das hat so gut funktioniert, dass ich das nach den Ferien weiter gef\u00fchrt habe. Unser Sommerurlaub begann mit dem Geburtstag von Kind1 in ihrem Studienort. Kind2 und ich fuhren gemeinsam hin und hatten ein paar sch\u00f6ne gemeinsame Tage. Anschlie\u00dfend fuhren wir zu viert ans Lauwersmer. Besonders begeistert hat mich das Kulturzentrum in Groningen. Ist das nicht das, was Aladin al-Mafalani mit Community-Centern meint? Ansonsten nutzte ich die Zeit, um wirklich abzuschalten und zu entspannen.<\/p>\n\n\n\n<figure class=\"wp-block-gallery has-nested-images columns-default is-cropped wp-block-gallery-1 is-layout-flex wp-block-gallery-is-layout-flex\">\n<figure class=\"wp-block-image size-large\"><img loading=\"lazy\" decoding=\"async\" width=\"1080\" height=\"1920\" data-id=\"8096\" src=\"https:\/\/frauschuetze.de\/wordpress\/wp-content\/uploads\/2025\/12\/1.png\" alt=\"\" class=\"wp-image-8096\" srcset=\"https:\/\/frauschuetze.de\/wordpress\/wp-content\/uploads\/2025\/12\/1.png 1080w, https:\/\/frauschuetze.de\/wordpress\/wp-content\/uploads\/2025\/12\/1-768x1365.png 768w, https:\/\/frauschuetze.de\/wordpress\/wp-content\/uploads\/2025\/12\/1-864x1536.png 864w\" sizes=\"auto, (max-width: 1080px) 100vw, 1080px\" \/><\/figure>\n\n\n\n<figure class=\"wp-block-image size-large\"><img loading=\"lazy\" decoding=\"async\" width=\"1080\" height=\"1920\" data-id=\"8098\" src=\"https:\/\/frauschuetze.de\/wordpress\/wp-content\/uploads\/2025\/12\/2.png\" alt=\"\" class=\"wp-image-8098\" srcset=\"https:\/\/frauschuetze.de\/wordpress\/wp-content\/uploads\/2025\/12\/2.png 1080w, https:\/\/frauschuetze.de\/wordpress\/wp-content\/uploads\/2025\/12\/2-768x1365.png 768w, https:\/\/frauschuetze.de\/wordpress\/wp-content\/uploads\/2025\/12\/2-864x1536.png 864w\" sizes=\"auto, (max-width: 1080px) 100vw, 1080px\" \/><\/figure>\n\n\n\n<figure class=\"wp-block-image size-large\"><img loading=\"lazy\" decoding=\"async\" width=\"1080\" height=\"1920\" data-id=\"8097\" src=\"https:\/\/frauschuetze.de\/wordpress\/wp-content\/uploads\/2025\/12\/3.png\" alt=\"\" class=\"wp-image-8097\" srcset=\"https:\/\/frauschuetze.de\/wordpress\/wp-content\/uploads\/2025\/12\/3.png 1080w, https:\/\/frauschuetze.de\/wordpress\/wp-content\/uploads\/2025\/12\/3-768x1365.png 768w, https:\/\/frauschuetze.de\/wordpress\/wp-content\/uploads\/2025\/12\/3-864x1536.png 864w\" sizes=\"auto, (max-width: 1080px) 100vw, 1080px\" \/><\/figure>\n<\/figure>\n\n\n\n<h2 class=\"wp-block-heading\">Das Ende<\/h2>\n\n\n\n<p>Das Schuljahr begann im September mit dem Schulwechsel von Kind3 auf meine Schule. Ich bin seit Schuljahresanfang mit zwei Stunden ans ZSL abgeordnet: Redaktion des Landesbildungsservers. Ich lief beim Muswiesenlauf mit: 5km in knapp 31 Minuten. Ich bin damit die schnellste Ethiklehrerin meiner Schule \ud83d\ude09 (es sind insgesamt nur zwei Lehrkr\u00e4fte mitgelaufen&#8230; )<\/p>\n\n\n\n<p>Den Anfang der Herbstferien verbrachte ich beim Fachtag OERInfo und h\u00e4ngte gleich noch drei Tage in Frankfurt dran um mein Lehrbuch-Kapitel fertig zu schreiben. Inzwischen wei\u00df ich, dass das wahrscheinlich nie erscheinen wird, weil der Verlag insolvent ist. Damit endet wohl meine Karriere als Autorin. Mitte November konnte ich planm\u00e4\u00dfig den ZUM-Vorsitz an Tina Neff \u00fcbergeben. Ich bekam eine tolle Lesekiste und einen Gutschein f\u00fcr ein Entspannungs-Wochenende, was ich mir noch aussuchen darf. Ich bin sehr froh, dass das alles so gut ging und habe seit dem einen w\u00f6chentlichen JourFix mit Tina zur \u00dcbergabe. Das erste Adventswochenende f\u00fchrte mich zu meiner ersten Comiccon nach Stuttgart. Weihnachten verbrachten wir zu neunt zu Hause.<\/p>\n\n\n\n<h2 class=\"wp-block-heading\">Ausblick<\/h2>\n\n\n\n<p>2026 n\u00f6chte ich mir \u00fcberlegen, was ich mit der Zeit und Energie durch den entfallenen ZUM-Vorsitz und das Autorinnen-Ende anfangen will.<\/p>\n\n\n\n<p>F\u00fcr 2026 habe ich mir wieder ein Leuchtturm-Buch als Bullet-Journal gekauft. Ich glaube, ich bleibe erstmal beim analogen Planen. Allerdings sind mir die guten Klassen-\/Kurs-\u00dcbersichten im digitalen Planer ans Herz gewachsen. Auch die digitale Planung ist im 2. Jahr nicht ganz so smart, wie es im ersten aussah. Mal sehen, wie sich das kombinieren l\u00e4sst, das ist irgendwie gerade wieder im Fluss. <\/p>\n\n\n\n<p>F\u00fcr 20.4. und 22.5. habe ich bereits zwei Vortr\u00e4ge\/Filmgespr\u00e4che zu Philosophinnen zugesagt, insofern wird das sicher ein Thema f\u00fcr 2026.<\/p>\n\n\n\n<h2 class=\"wp-block-heading\">Zusammengefasst<\/h2>\n\n\n<div class=\"wp-block-image\">\n<figure class=\"alignright size-full is-resized\"><a href=\"https:\/\/frauschuetze.de\/wordpress\/wp-content\/uploads\/2025\/12\/Lesetagebuch-2025-4.jpg\"><img loading=\"lazy\" decoding=\"async\" width=\"1668\" height=\"2154\" src=\"https:\/\/frauschuetze.de\/wordpress\/wp-content\/uploads\/2025\/12\/Lesetagebuch-2025-4.jpg\" alt=\"\" class=\"wp-image-8108\" style=\"width:400px\" srcset=\"https:\/\/frauschuetze.de\/wordpress\/wp-content\/uploads\/2025\/12\/Lesetagebuch-2025-4.jpg 1668w, https:\/\/frauschuetze.de\/wordpress\/wp-content\/uploads\/2025\/12\/Lesetagebuch-2025-4-768x992.jpg 768w, https:\/\/frauschuetze.de\/wordpress\/wp-content\/uploads\/2025\/12\/Lesetagebuch-2025-4-1189x1536.jpg 1189w, https:\/\/frauschuetze.de\/wordpress\/wp-content\/uploads\/2025\/12\/Lesetagebuch-2025-4-1586x2048.jpg 1586w\" sizes=\"auto, (max-width: 1668px) 100vw, 1668px\" \/><\/a><\/figure>\n<\/div>\n\n\n<p><strong>gekauft<\/strong>: Beste Anschaffung des Jahres: Noise-Cancelling-Kopfh\u00f6rer. Au\u00dferdem ein E-Bike. <\/p>\n\n\n\n<p><strong>gelesen<\/strong> &#8211;&gt; <a href=\"https:\/\/frauschuetze.de\/?p=8106\">Das hat wieder einen extra-Blogpost<\/a>, 25 B\u00fccher in 25.<\/p>\n\n\n\n<p><strong>gesehen<\/strong>: The summer i turned pretty (S 1, 2, 3), Maxton Hall (S 1, 2), My so called Life (S1), einige Filme, Theater der Landesb\u00fchne Esslingen: Once (Musical), Lesung von Alexandra Zykunov<\/p>\n\n\n\n<p><strong>beteiligt<\/strong><\/p>\n\n\n\n<ul class=\"wp-block-list\">\n<li>11 Gemeinderatssitzungen + 1 Klausurtagung<\/li>\n\n\n\n<li>10 Fraktionssitzungen, incl. Protokollen <\/li>\n\n\n\n<li>Sandsiebbar<\/li>\n\n\n\n<li><a href=\"https:\/\/frauschuetze.de\/?p=8077\">OER-Ziel 2025: 12 Unterrichtsideen teilen verfehlt.<\/a> \ud83d\ude41<\/li>\n\n\n\n<li>#Veganuary und #rockdennovember &#8211; 28 Tage in Rock\/Kleid, \u00fcber die H\u00e4lfte selbst gen\u00e4ht<\/li>\n<\/ul>\n\n\n\n<p><strong>gereist<\/strong><\/p>\n\n\n\n<ul class=\"wp-block-list\">\n<li><a href=\"https:\/\/www.herbergekunathshof.de\/\">Wachau<\/a> (90. Geburtstag)<\/li>\n\n\n\n<li>Bad Windsheim<\/li>\n\n\n\n<li>Lauwersoog (NL), Groningen (NL), Dinopark M\u00fcnchehagen, Steinhuder Meer und Hannover (<a href=\"https:\/\/www.zum.de\/portal\/rueckblick-oercamp-2025-in-hannover\/\">OERCamp<\/a>),<\/li>\n\n\n\n<li>Ravensburg &amp; Ravensburger Spieleland<\/li>\n\n\n\n<li>Frankfurt: <a href=\"https:\/\/open-educational-resources.de\/oerinfo-fachtag-2\/\">Fachtag OER Info<\/a> und Treffen des OERInfo-Beirats<\/li>\n\n\n\n<li>W\u00fcrzburg (3x f\u00fcr die ZUM: <a href=\"https:\/\/www.zum.de\/portal\/zum-fruehjahrsworkshop-ein-einblick-in-unseren-oer-workshop-rueckblick-auf-ein-bemerkenswertes-wochenende\/\">Workshop<\/a>, Vorstandstreffen, <a href=\"https:\/\/www.zum.de\/portal\/ki-und-zum-perspektiven-zwischen-wunsch-und-moeglichkeit\/\">Mitgliedertreffen<\/a>)<\/li>\n\n\n\n<li>N\u00e4hcamp Bad Hersfeld<\/li>\n\n\n\n<li>Bad Wildbad (<a href=\"https:\/\/frauschuetze.de\/?p=7999\">Wildcampen<\/a>)<\/li>\n<\/ul>\n\n\n\n<p><strong>Statistiken<\/strong><\/p>\n\n\n\n<ul class=\"wp-block-list\">\n<li>11 Blogposts hier und ein paar wenige bei ZUM.de dr\u00fcben, <a href=\"https:\/\/frauschuetze.de\/?p=8020\">Verlosung der ZDPE 2\/25<\/a><\/li>\n\n\n\n<li>meine Themen 2025 waren: Verantwortung abgeben, Geduld, Naturgarten<\/li>\n\n\n\n<li>Schritte: 4 197 493, ca. 3 196.34 km, Tagesdurchschnitt: 11 595<\/li>\n\n\n\n<li>Vo-max von 35 auf 39 gesteigert<\/li>\n\n\n\n<li>gefundene Geocaches: 16<\/li>\n\n\n\n<li>+1 auf der <a href=\"https:\/\/frauschuetze.de\/?page_id=6237\">Publikationsliste<\/a> <\/li>\n\n\n\n<li>Blutspenden: 2<\/li>\n<\/ul>\n\n\n\n<p><\/p>\n<div class=\"twoclick_social_bookmarks_post_8094 social_share_privacy clearfix 1.6.4 locale-de_DE sprite-de_DE\"><\/div><div class=\"twoclick-js\"><script type=\"text\/javascript\">\/* <![CDATA[ *\/\njQuery(document).ready(function($){if($('.twoclick_social_bookmarks_post_8094')){$('.twoclick_social_bookmarks_post_8094').socialSharePrivacy({\"services\":{\"facebook\":{\"status\":\"on\",\"txt_info\":\"2 Klicks f\\u00fcr mehr Datenschutz: Erst wenn Sie hier klicken, wird der Button aktiv und Sie k\\u00f6nnen Ihre Empfehlung an Facebook senden. Schon beim Aktivieren werden Daten an Dritte \\u00fcbertragen - siehe <em>i<\\\/em>.\",\"perma_option\":\"off\",\"action\":\"recommend\",\"language\":\"de_DE\"},\"twitter\":{\"reply_to\":\"\",\"tweet_text\":\"Das%20war%E2%80%99s%20%E2%80%93%202025%20%C2%BB%20Frau%20Sch%C3%BCtze\",\"status\":\"on\",\"txt_info\":\"2 Klicks f\\u00fcr mehr Datenschutz: Erst wenn Sie hier klicken, wird der Button aktiv und Sie k\\u00f6nnen Ihre Empfehlung an Twitter senden. Schon beim Aktivieren werden Daten an Dritte \\u00fcbertragen - siehe <em>i<\\\/em>.\",\"perma_option\":\"off\",\"language\":\"de\",\"referrer_track\":\"\"},\"gplus\":{\"status\":\"on\",\"txt_info\":\"2 Klicks f\\u00fcr mehr Datenschutz: Erst wenn Sie hier klicken, wird der Button aktiv und Sie k\\u00f6nnen Ihre Empfehlung an Google+ senden. Schon beim Aktivieren werden Daten an Dritte \\u00fcbertragen - siehe <em>i<\\\/em>.\",\"perma_option\":\"off\",\"referrer_track\":\"\"},\"pinterest\":{\"status\":\"on\",\"the_excerpt\":\"Das war&#8217;s &#8211; 2025\",\"txt_info\":\"2 Klicks f\\u00fcr mehr Datenschutz: Erst wenn Sie hier klicken, wird der Button aktiv und Sie k\\u00f6nnen Ihre Empfehlung an Pinterest senden. Schon beim Aktivieren werden Daten an Dritte \\u00fcbertragen - siehe <em>i<\\\/em>.\",\"perma_option\":\"off\",\"media\":\"https:\\\/\\\/frauschuetze.de\\\/wordpress\\\/wp-content\\\/uploads\\\/2026\\\/01\\\/2022-Rueckblick-Blog-Banner.png\"}},\"txt_help\":\"Wenn Sie diese Felder durch einen Klick aktivieren, werden Informationen an Facebook, Twitter, Flattr, Xing, t3n, LinkedIn, Pinterest oder Google eventuell ins Ausland \\u00fcbertragen und unter Umst\\u00e4nden auch dort gespeichert. N\\u00e4heres erfahren Sie durch einen Klick auf das <em>i<\\\/em>.\",\"settings_perma\":\"Dauerhaft aktivieren und Daten\\u00fcber-tragung zustimmen:\",\"info_link\":\"http:\\\/\\\/www.heise.de\\\/ct\\\/artikel\\\/2-Klicks-fuer-mehr-Datenschutz-1333879.html\",\"uri\":\"https:\\\/\\\/frauschuetze.de\\\/?p=8094\",\"post_id\":8094,\"post_title_referrer_track\":\"Das+war%26%238217%3Bs+%26%238211%3B+2025\",\"display_infobox\":\"on\"});}});\n\/* ]]> *\/<\/script><\/div>","protected":false},"excerpt":{"rendered":"<p>Auch 2025 gibt&#8217;s einen kurzen, subjektiven Jahresr\u00fcckblick. Schon einige Jahre zuvor (2024, 2023, 2022, 2021, 2020, 2018, 2017, 2016, 2015,<\/p>\n","protected":false},"author":1,"featured_media":8119,"comment_status":"open","ping_status":"open","sticky":false,"template":"","format":"standard","meta":{"footnotes":"","_share_on_mastodon":"0"},"categories":[25,14,29,10,34],"tags":[],"class_list":["post-8094","post","type-post","status-publish","format-standard","has-post-thumbnail","hentry","category-bilanz","category-gedanken","category-ruckblick","category-schones","category-serie"],"share_on_mastodon":{"url":"https:\/\/bildung.social\/@ma_y\/115824898391936375","error":""},"_links":{"self":[{"href":"https:\/\/frauschuetze.de\/index.php?rest_route=\/wp\/v2\/posts\/8094","targetHints":{"allow":["GET"]}}],"collection":[{"href":"https:\/\/frauschuetze.de\/index.php?rest_route=\/wp\/v2\/posts"}],"about":[{"href":"https:\/\/frauschuetze.de\/index.php?rest_route=\/wp\/v2\/types\/post"}],"author":[{"embeddable":true,"href":"https:\/\/frauschuetze.de\/index.php?rest_route=\/wp\/v2\/users\/1"}],"replies":[{"embeddable":true,"href":"https:\/\/frauschuetze.de\/index.php?rest_route=%2Fwp%2Fv2%2Fcomments&post=8094"}],"version-history":[{"count":12,"href":"https:\/\/frauschuetze.de\/index.php?rest_route=\/wp\/v2\/posts\/8094\/revisions"}],"predecessor-version":[{"id":8121,"href":"https:\/\/frauschuetze.de\/index.php?rest_route=\/wp\/v2\/posts\/8094\/revisions\/8121"}],"wp:featuredmedia":[{"embeddable":true,"href":"https:\/\/frauschuetze.de\/index.php?rest_route=\/wp\/v2\/media\/8119"}],"wp:attachment":[{"href":"https:\/\/frauschuetze.de\/index.php?rest_route=%2Fwp%2Fv2%2Fmedia&parent=8094"}],"wp:term":[{"taxonomy":"category","embeddable":true,"href":"https:\/\/frauschuetze.de\/index.php?rest_route=%2Fwp%2Fv2%2Fcategories&post=8094"},{"taxonomy":"post_tag","embeddable":true,"href":"https:\/\/frauschuetze.de\/index.php?rest_route=%2Fwp%2Fv2%2Ftags&post=8094"}],"curies":[{"name":"wp","href":"https:\/\/api.w.org\/{rel}","templated":true}]}}